{"id":440,"date":"2016-07-07T21:14:36","date_gmt":"2016-07-07T19:14:36","guid":{"rendered":"http:\/\/www.yvesmuguet-infographiste.com\/site-fictif-oreilles-delicates\/?p=440"},"modified":"2016-07-07T21:16:45","modified_gmt":"2016-07-07T19:16:45","slug":"acquisition-du-neumann-m147","status":"publish","type":"post","link":"http:\/\/www.yvesmuguet-infographiste.com\/site-fictif-oreilles-delicates\/2016\/07\/07\/acquisition-du-neumann-m147\/","title":{"rendered":"Acquisition du Neumann M147"},"content":{"rendered":"<div class=\"entry-content\">\n<p><img loading=\"lazy\" class=\"size-medium wp-image-441 alignleft\" src=\"http:\/\/www.yvesmuguet-infographiste.com\/site-fictif-oreilles-delicates\/wp-content\/uploads\/2016\/07\/M147-400x300-300x225.jpg\" alt=\"M147-400x300\" width=\"300\" height=\"225\" srcset=\"http:\/\/www.yvesmuguet-infographiste.com\/site-fictif-oreilles-delicates\/wp-content\/uploads\/2016\/07\/M147-400x300-300x225.jpg 300w, http:\/\/www.yvesmuguet-infographiste.com\/site-fictif-oreilles-delicates\/wp-content\/uploads\/2016\/07\/M147-400x300.jpg 400w\" sizes=\"(max-width: 300px) 100vw, 300px\" \/><\/p>\n<p>Cet exceptionnel <strong>micro \u00e0 lampe<\/strong> fait d\u00e9sormais partie de notre parc de micros.<\/p>\n<p>Sa chaleur et sa pr\u00e9cision en font le micro id\u00e9al pour les <strong>voix masculines<\/strong>, les <strong>contrebasses<\/strong> et autres <strong>cuivres graves <\/strong>(trombonne, tuba \u2026).<\/p>\n<\/div>\n","protected":false},"excerpt":{"rendered":"<p>Cet exceptionnel micro \u00e0 lampe fait d\u00e9sormais partie de notre parc de micros. Sa chaleur et sa pr\u00e9cision en font le micro id\u00e9al pour les voix masculines, les contrebasses et autres cuivres graves (trombonne, tuba \u2026).<\/p>\n","protected":false},"author":1,"featured_media":0,"comment_status":"open","ping_status":"open","sticky":false,"template":"","format":"standard","meta":[],"categories":[11,7,12],"tags":[],"_links":{"self":[{"href":"http:\/\/www.yvesmuguet-infographiste.com\/site-fictif-oreilles-delicates\/wp-json\/wp\/v2\/posts\/440"}],"collection":[{"href":"http:\/\/www.yvesmuguet-infographiste.com\/site-fictif-oreilles-delicates\/wp-json\/wp\/v2\/posts"}],"about":[{"href":"http:\/\/www.yvesmuguet-infographiste.com\/site-fictif-oreilles-delicates\/wp-json\/wp\/v2\/types\/post"}],"author":[{"embeddable":true,"href":"http:\/\/www.yvesmuguet-infographiste.com\/site-fictif-oreilles-delicates\/wp-json\/wp\/v2\/users\/1"}],"replies":[{"embeddable":true,"href":"http:\/\/www.yvesmuguet-infographiste.com\/site-fictif-oreilles-delicates\/wp-json\/wp\/v2\/comments?post=440"}],"version-history":[{"count":3,"href":"http:\/\/www.yvesmuguet-infographiste.com\/site-fictif-oreilles-delicates\/wp-json\/wp\/v2\/posts\/440\/revisions"}],"predecessor-version":[{"id":444,"href":"http:\/\/www.yvesmuguet-infographiste.com\/site-fictif-oreilles-delicates\/wp-json\/wp\/v2\/posts\/440\/revisions\/444"}],"wp:attachment":[{"href":"http:\/\/www.yvesmuguet-infographiste.com\/site-fictif-oreilles-delicates\/wp-json\/wp\/v2\/media?parent=440"}],"wp:term":[{"taxonomy":"category","embeddable":true,"href":"http:\/\/www.yvesmuguet-infographiste.com\/site-fictif-oreilles-delicates\/wp-json\/wp\/v2\/categories?post=440"},{"taxonomy":"post_tag","embeddable":true,"href":"http:\/\/www.yvesmuguet-infographiste.com\/site-fictif-oreilles-delicates\/wp-json\/wp\/v2\/tags?post=440"}],"curies":[{"name":"wp","href":"https:\/\/api.w.org\/{rel}","templated":true}]}}