{"id":482,"date":"2016-07-07T22:44:51","date_gmt":"2016-07-07T20:44:51","guid":{"rendered":"http:\/\/www.yvesmuguet-infographiste.com\/site-fictif-oreilles-delicates\/?p=482"},"modified":"2016-07-07T22:46:30","modified_gmt":"2016-07-07T20:46:30","slug":"etude-acoustique-pour-la-grande-fabrique-a-renage","status":"publish","type":"post","link":"http:\/\/www.yvesmuguet-infographiste.com\/site-fictif-oreilles-delicates\/2016\/07\/07\/etude-acoustique-pour-la-grande-fabrique-a-renage\/","title":{"rendered":"\u00c9tude acoustique pour la Grande Fabrique \u00e0 Renage"},"content":{"rendered":"<p><img loading=\"lazy\" class=\"size-full wp-image-483 alignleft\" src=\"http:\/\/www.yvesmuguet-infographiste.com\/site-fictif-oreilles-delicates\/wp-content\/uploads\/2016\/07\/grande_fabrique-e1454696555454.jpg\" alt=\"grande_fabrique-e1454696555454\" width=\"400\" height=\"602\" srcset=\"http:\/\/www.yvesmuguet-infographiste.com\/site-fictif-oreilles-delicates\/wp-content\/uploads\/2016\/07\/grande_fabrique-e1454696555454.jpg 400w, http:\/\/www.yvesmuguet-infographiste.com\/site-fictif-oreilles-delicates\/wp-content\/uploads\/2016\/07\/grande_fabrique-e1454696555454-199x300.jpg 199w\" sizes=\"(max-width: 400px) 100vw, 400px\" \/><\/p>\n<p>\u00ab\u00a0<strong><a href=\"http:\/\/www.la-grande-fabrique.com\/\" target=\"_blank\">La grande Fabrique<\/a><\/strong>\u00a0\u00bb est un lieu culturel d\u2019exception, situ\u00e9 \u00e0 Renage en Is\u00e8re. Il accueille depuis 20 ans toute sorte de spectacles, concerts et expositions.<\/p>\n<p>Le cerfac, gestionnaire du site, \u00e0 l\u2019\u00e9coute de ses utilisateurs, envisage d\u2019am\u00e9liorer l\u2019acoustique du lieu ou tout au moins de la dompter.<\/p>\n<p>C\u2019est \u00e0 Oreilles D\u00e9licates qu\u2019\u00e0 \u00e9t\u00e9 confi\u00e9 le soin d\u2019objectiver le ressenti des \u00e9coutes. Aussi, des mesures acoustiques (temps de r\u00e9verb\u00e9ration, EDT, indice de clart\u00e9), ont \u00e9t\u00e9 r\u00e9alis\u00e9es. Elles permettront, si le budget est obtenu, de proposer des corrections acoustiques et un guide d\u2019utilisation, pour am\u00e9liorer le confort auditif du public et des musiciens.<\/p>\n<p><img loading=\"lazy\" class=\"alignnone size-large wp-image-484\" src=\"http:\/\/www.yvesmuguet-infographiste.com\/site-fictif-oreilles-delicates\/wp-content\/uploads\/2016\/07\/sonagram-fond-1024x545.jpg\" alt=\"sonagram-fond\" width=\"1024\" height=\"545\" srcset=\"http:\/\/www.yvesmuguet-infographiste.com\/site-fictif-oreilles-delicates\/wp-content\/uploads\/2016\/07\/sonagram-fond.jpg 1024w, http:\/\/www.yvesmuguet-infographiste.com\/site-fictif-oreilles-delicates\/wp-content\/uploads\/2016\/07\/sonagram-fond-300x160.jpg 300w, http:\/\/www.yvesmuguet-infographiste.com\/site-fictif-oreilles-delicates\/wp-content\/uploads\/2016\/07\/sonagram-fond-768x409.jpg 768w\" sizes=\"(max-width: 1024px) 100vw, 1024px\" \/><\/p>\n<p>Oreilles D\u00e9licates s\u2019oriente vers une solution d\u2019acoustique variable, pour s\u2019adapter \u00e0 la diversit\u00e9 de programmation du lieu.<\/p>\n","protected":false},"excerpt":{"rendered":"<p>\u00ab\u00a0La grande Fabrique\u00a0\u00bb est un lieu culturel d\u2019exception, situ\u00e9 \u00e0 Renage en Is\u00e8re. Il accueille depuis 20 ans toute sorte de spectacles, concerts et expositions. Le cerfac, gestionnaire du site, \u00e0 l\u2019\u00e9coute de ses utilisateurs, envisage d\u2019am\u00e9liorer l\u2019acoustique du lieu ou tout au moins de la dompter. C\u2019est \u00e0 Oreilles D\u00e9licates qu\u2019\u00e0 \u00e9t\u00e9 confi\u00e9 le [&hellip;]<\/p>\n","protected":false},"author":1,"featured_media":0,"comment_status":"open","ping_status":"open","sticky":false,"template":"","format":"standard","meta":[],"categories":[13,7],"tags":[],"_links":{"self":[{"href":"http:\/\/www.yvesmuguet-infographiste.com\/site-fictif-oreilles-delicates\/wp-json\/wp\/v2\/posts\/482"}],"collection":[{"href":"http:\/\/www.yvesmuguet-infographiste.com\/site-fictif-oreilles-delicates\/wp-json\/wp\/v2\/posts"}],"about":[{"href":"http:\/\/www.yvesmuguet-infographiste.com\/site-fictif-oreilles-delicates\/wp-json\/wp\/v2\/types\/post"}],"author":[{"embeddable":true,"href":"http:\/\/www.yvesmuguet-infographiste.com\/site-fictif-oreilles-delicates\/wp-json\/wp\/v2\/users\/1"}],"replies":[{"embeddable":true,"href":"http:\/\/www.yvesmuguet-infographiste.com\/site-fictif-oreilles-delicates\/wp-json\/wp\/v2\/comments?post=482"}],"version-history":[{"count":1,"href":"http:\/\/www.yvesmuguet-infographiste.com\/site-fictif-oreilles-delicates\/wp-json\/wp\/v2\/posts\/482\/revisions"}],"predecessor-version":[{"id":485,"href":"http:\/\/www.yvesmuguet-infographiste.com\/site-fictif-oreilles-delicates\/wp-json\/wp\/v2\/posts\/482\/revisions\/485"}],"wp:attachment":[{"href":"http:\/\/www.yvesmuguet-infographiste.com\/site-fictif-oreilles-delicates\/wp-json\/wp\/v2\/media?parent=482"}],"wp:term":[{"taxonomy":"category","embeddable":true,"href":"http:\/\/www.yvesmuguet-infographiste.com\/site-fictif-oreilles-delicates\/wp-json\/wp\/v2\/categories?post=482"},{"taxonomy":"post_tag","embeddable":true,"href":"http:\/\/www.yvesmuguet-infographiste.com\/site-fictif-oreilles-delicates\/wp-json\/wp\/v2\/tags?post=482"}],"curies":[{"name":"wp","href":"https:\/\/api.w.org\/{rel}","templated":true}]}}